{"id":334,"date":"2024-06-10T18:17:55","date_gmt":"2024-06-10T16:17:55","guid":{"rendered":"https:\/\/domaine-escarvaillac.fr\/?p=334"},"modified":"2024-06-10T18:17:55","modified_gmt":"2024-06-10T16:17:55","slug":"mettez-un-oiseau-dans-votre-verre","status":"publish","type":"post","link":"https:\/\/domaine-escarvaillac.fr\/en\/2024\/06\/10\/mettez-un-oiseau-dans-votre-verre\/","title":{"rendered":"Mettez un oiseau dans votre verre"},"content":{"rendered":"<p>[et_pb_section fb_built=\u00a0\u00bb1&Prime; _builder_version=\u00a0\u00bb4.24.0&Prime; _module_preset=\u00a0\u00bbdefault\u00a0\u00bb custom_padding=\u00a0\u00bb3px|||||\u00a0\u00bb global_colors_info=\u00a0\u00bb{}\u00a0\u00bb theme_builder_area=\u00a0\u00bbpost_content\u00a0\u00bb][et_pb_row _builder_version=\u00a0\u00bb4.24.0&Prime; _module_preset=\u00a0\u00bbdefault\u00a0\u00bb global_colors_info=\u00a0\u00bb{}\u00a0\u00bb column_structure=\u00a0\u00bb1_2,1_2&Prime; theme_builder_area=\u00a0\u00bbpost_content\u00a0\u00bb custom_padding=\u00a0\u00bb||3px|||\u00a0\u00bb][et_pb_column type=\u00a0\u00bb1_2&Prime; _builder_version=\u00a0\u00bb4.24.0&Prime; _module_preset=\u00a0\u00bbdefault\u00a0\u00bb global_colors_info=\u00a0\u00bb{}\u00a0\u00bb theme_builder_area=\u00a0\u00bbpost_content\u00a0\u00bb][et_pb_text _builder_version=\u00a0\u00bb4.25.0&Prime; _module_preset=\u00a0\u00bbdefault\u00a0\u00bb hover_enabled=\u00a0\u00bb0&Prime; global_colors_info=\u00a0\u00bb{}\u00a0\u00bb theme_builder_area=\u00a0\u00bbpost_content\u00a0\u00bb sticky_enabled=\u00a0\u00bb0&Prime; custom_padding=\u00a0\u00bb92px|||||\u00a0\u00bb]<\/p>\n<p style=\"text-align: justify;\"><span>NOUVELLES CUVEES DISPONIBLES!<\/span><\/p>\n<p style=\"text-align: justify;\">Apr\u00e8s deux ans dans notre cave (dont un an en f\u00fbt de ch\u00eane) la <a href=\"https:\/\/domaine-escarvaillac.fr\/en\/nos-vins\/\"><strong>C\u00e9p\u00e8de 2022<\/strong><\/a> est arriv\u00e9e et s&rsquo;est faite \u00e0 sa nouvelle maison (la bouteille): un C\u00f4tes-du-Rh\u00f4ne \u00e0 la fois puissant et souple, aux tanins velout\u00e9s et au bois\u00e9\/vanill\u00e9 tr\u00e8s l\u00e9ger ! 16\u20ac la bouteille au caveau<\/p>\n<p style=\"text-align: justify;\">Il y a aussi la toute nouvelle <a href=\"https:\/\/domaine-escarvaillac.fr\/en\/nos-vins\/\">Huppe 2023<\/a>, toujours sur le fruit\u00e9 (framboises et cerise noire) avec toute une palette d&rsquo;\u00e9pices&#8230; 9\u20ac<\/p>\n<p>[\/et_pb_text][\/et_pb_column][et_pb_column type=\u00a0\u00bb1_2&Prime; _builder_version=\u00a0\u00bb4.24.0&Prime; _module_preset=\u00a0\u00bbdefault\u00a0\u00bb global_colors_info=\u00a0\u00bb{}\u00a0\u00bb theme_builder_area=\u00a0\u00bbpost_content\u00a0\u00bb][et_pb_image src=\u00a0\u00bbhttps:\/\/domaine-escarvaillac.fr\/wp-content\/uploads\/2024\/06\/equipe.jpg\u00a0\u00bb _builder_version=\u00a0\u00bb4.25.0&Prime; _module_preset=\u00a0\u00bbdefault\u00a0\u00bb theme_builder_area=\u00a0\u00bbpost_content\u00a0\u00bb title_text=\u00a0\u00bb-{equipe}\u00a0\u00bb hover_enabled=\u00a0\u00bb0&Prime; sticky_enabled=\u00a0\u00bb0&Prime; box_shadow_style=\u00a0\u00bbpreset2&Prime;][\/et_pb_image][\/et_pb_column][\/et_pb_row][et_pb_row _builder_version=\u00a0\u00bb4.25.0&Prime; _module_preset=\u00a0\u00bbdefault\u00a0\u00bb global_colors_info=\u00a0\u00bb{}\u00a0\u00bb theme_builder_area=\u00a0\u00bbpost_content\u00a0\u00bb custom_padding=\u00a0\u00bb4px|||||\u00a0\u00bb][et_pb_column type=\u00a0\u00bb4_4&Prime; _builder_version=\u00a0\u00bb4.25.0&Prime; _module_preset=\u00a0\u00bbdefault\u00a0\u00bb global_colors_info=\u00a0\u00bb{}\u00a0\u00bb theme_builder_area=\u00a0\u00bbpost_content\u00a0\u00bb][et_pb_text _builder_version=\u00a0\u00bb4.25.0&Prime; _module_preset=\u00a0\u00bbdefault\u00a0\u00bb theme_builder_area=\u00a0\u00bbpost_content\u00a0\u00bb hover_enabled=\u00a0\u00bb0&Prime; sticky_enabled=\u00a0\u00bb0&Prime;]<\/p>\n<p style=\"text-align: justify;\">\n<p style=\"text-align: justify;\">Et puis la surprenante <a href=\"https:\/\/domaine-escarvaillac.fr\/en\/nos-vins\/\">T\u00e9tras 2023 <\/a>! Attention, pour celles et ceux qui avaient appr\u00e9ci\u00e9 la T\u00e9tras 2022 : chaque ann\u00e9e la T\u00e9tras sera diff\u00e9rente parce qu&rsquo;elle est faite avec \u00ab\u00a0les beaux restes\u00a0\u00bb une fois termin\u00e9s tous les assemblages de nos trois cuv\u00e9es les plus connues! On ne vous en dit pas plus pour le moment mais la T\u00e9tras 2023 en bouteille sera en vente uniquement au domaine! 7,50\u20ac<\/p>\n<p style=\"text-align: justify;\">Nous la vendons aussi en \u00ab\u00a0cubis\u00a0\u00bb de 5L, \u00e9dition limit\u00e9e, sp\u00e9cialement pour la p\u00e9riode du Festival d&rsquo;Avignon! 29\u20ac<\/p>\n<p style=\"text-align: justify;\">Et dans le plus grand secret nous avons aussi mis en bouteille une autre cuv\u00e9e, plus de d\u00e9tails dans les semaines \u00e0 venir mais, si vous devinez, c&rsquo;est qu&rsquo;<a href=\"https:\/\/domaine-escarvaillac.fr\/en\/le-domaine\/\">Escarvaillac<\/a> n&rsquo;a plus beaucoup de secrets pour vous!<\/p>\n<p style=\"text-align: justify;\">On vous met aussi quelques photos de l&rsquo;\u00e9quipe de d\u00e9brouss&#8230; euh palissage, de Jacques en train de r\u00e9inventer l&rsquo;\u00e9lectricit\u00e9, une fausse piste sur la prochaine bouteille confidentielle, et la m\u00e9thode <a href=\"https:\/\/domaine-escarvaillac.fr\/en\/le-domaine\/\">Escarvaillac<\/a> pour dormir dans les arbres \ud83d\ude09<\/p>\n<p>[\/et_pb_text][\/et_pb_column][\/et_pb_row][et_pb_row _builder_version=\u00a0\u00bb4.25.0&Prime; _module_preset=\u00a0\u00bbdefault\u00a0\u00bb column_structure=\u00a0\u00bb1_2,1_2&Prime; theme_builder_area=\u00a0\u00bbpost_content\u00a0\u00bb][et_pb_column _builder_version=\u00a0\u00bb4.25.0&Prime; _module_preset=\u00a0\u00bbdefault\u00a0\u00bb type=\u00a0\u00bb1_2&Prime; theme_builder_area=\u00a0\u00bbpost_content\u00a0\u00bb][et_pb_image src=\u00a0\u00bbhttps:\/\/domaine-escarvaillac.fr\/wp-content\/uploads\/2024\/06\/equipe_2.jpg\u00a0\u00bb _builder_version=\u00a0\u00bb4.25.0&Prime; _module_preset=\u00a0\u00bbdefault\u00a0\u00bb theme_builder_area=\u00a0\u00bbpost_content\u00a0\u00bb title_text=\u00a0\u00bb-{equipe}_2&Prime; hover_enabled=\u00a0\u00bb0&Prime; sticky_enabled=\u00a0\u00bb0&Prime; box_shadow_style=\u00a0\u00bbpreset2&Prime; show_in_lightbox=\u00a0\u00bbon\u00a0\u00bb][\/et_pb_image][et_pb_image src=\u00a0\u00bbhttps:\/\/domaine-escarvaillac.fr\/wp-content\/uploads\/2024\/06\/equipe_4.jpg\u00a0\u00bb _builder_version=\u00a0\u00bb4.25.0&Prime; _module_preset=\u00a0\u00bbdefault\u00a0\u00bb theme_builder_area=\u00a0\u00bbpost_content\u00a0\u00bb title_text=\u00a0\u00bb-{equipe}_4&Prime; hover_enabled=\u00a0\u00bb0&Prime; sticky_enabled=\u00a0\u00bb0&Prime; box_shadow_style=\u00a0\u00bbpreset2&Prime; show_in_lightbox=\u00a0\u00bbon\u00a0\u00bb][\/et_pb_image][\/et_pb_column][et_pb_column _builder_version=\u00a0\u00bb4.25.0&Prime; _module_preset=\u00a0\u00bbdefault\u00a0\u00bb type=\u00a0\u00bb1_2&Prime; theme_builder_area=\u00a0\u00bbpost_content\u00a0\u00bb][et_pb_image src=\u00a0\u00bbhttps:\/\/domaine-escarvaillac.fr\/wp-content\/uploads\/2024\/06\/equipe_3.jpg\u00a0\u00bb _builder_version=\u00a0\u00bb4.25.0&Prime; _module_preset=\u00a0\u00bbdefault\u00a0\u00bb theme_builder_area=\u00a0\u00bbpost_content\u00a0\u00bb title_text=\u00a0\u00bb-{equipe}_3&Prime; hover_enabled=\u00a0\u00bb0&Prime; sticky_enabled=\u00a0\u00bb0&Prime; box_shadow_style=\u00a0\u00bbpreset2&Prime; show_in_lightbox=\u00a0\u00bbon\u00a0\u00bb][\/et_pb_image][et_pb_image src=\u00a0\u00bbhttps:\/\/domaine-escarvaillac.fr\/wp-content\/uploads\/2024\/06\/equipe_1.jpg\u00a0\u00bb _builder_version=\u00a0\u00bb4.25.0&Prime; _module_preset=\u00a0\u00bbdefault\u00a0\u00bb theme_builder_area=\u00a0\u00bbpost_content\u00a0\u00bb title_text=\u00a0\u00bb-{equipe}_1&Prime; hover_enabled=\u00a0\u00bb0&Prime; sticky_enabled=\u00a0\u00bb0&Prime; box_shadow_style=\u00a0\u00bbpreset2&Prime; show_in_lightbox=\u00a0\u00bbon\u00a0\u00bb][\/et_pb_image][\/et_pb_column][\/et_pb_row][et_pb_row _builder_version=\u00a0\u00bb4.24.0&Prime; _module_preset=\u00a0\u00bbdefault\u00a0\u00bb global_colors_info=\u00a0\u00bb{}\u00a0\u00bb theme_builder_area=\u00a0\u00bbpost_content\u00a0\u00bb][et_pb_column type=\u00a0\u00bb4_4&Prime; _builder_version=\u00a0\u00bb4.24.0&Prime; _module_preset=\u00a0\u00bbdefault\u00a0\u00bb global_colors_info=\u00a0\u00bb{}\u00a0\u00bb theme_builder_area=\u00a0\u00bbpost_content\u00a0\u00bb][et_pb_post_nav in_same_term=\u00a0\u00bbon\u00a0\u00bb _builder_version=\u00a0\u00bb4.24.0&Prime; _module_preset=\u00a0\u00bbdefault\u00a0\u00bb global_colors_info=\u00a0\u00bb{}\u00a0\u00bb theme_builder_area=\u00a0\u00bbpost_content\u00a0\u00bb][\/et_pb_post_nav][\/et_pb_column][\/et_pb_row][\/et_pb_section]<\/p>","protected":false},"excerpt":{"rendered":"<p>NOUVELLES CUVEES DISPONIBLES! Apr\u00e8s deux ans dans notre cave (dont un an en f\u00fbt de ch\u00eane) la C\u00e9p\u00e8de 2022 est arriv\u00e9e et s&rsquo;est faite \u00e0 sa nouvelle maison (la bouteille): [&hellip;]<\/p>","protected":false},"author":1,"featured_media":338,"comment_status":"closed","ping_status":"closed","sticky":false,"template":"","format":"standard","meta":{"_et_pb_use_builder":"on","_et_pb_old_content":"","_et_gb_content_width":"1080","_price":"","_stock":"","_tribe_ticket_header":"","_tribe_default_ticket_provider":"","_tribe_ticket_capacity":"0","_ticket_start_date":"","_ticket_end_date":"","_tribe_ticket_show_description":"","_tribe_ticket_show_not_going":false,"_tribe_ticket_use_global_stock":"","_tribe_ticket_global_stock_level":"","_global_stock_mode":"","_global_stock_cap":"","_tribe_rsvp_for_event":"","_tribe_ticket_going_count":"","_tribe_ticket_not_going_count":"","_tribe_tickets_list":"[]","_tribe_ticket_has_attendee_info_fields":false,"footnotes":""},"categories":[9],"tags":[],"class_list":["post-334","post","type-post","status-publish","format-standard","has-post-thumbnail","hentry","category-actualites"],"_links":{"self":[{"href":"https:\/\/domaine-escarvaillac.fr\/en\/wp-json\/wp\/v2\/posts\/334","targetHints":{"allow":["GET"]}}],"collection":[{"href":"https:\/\/domaine-escarvaillac.fr\/en\/wp-json\/wp\/v2\/posts"}],"about":[{"href":"https:\/\/domaine-escarvaillac.fr\/en\/wp-json\/wp\/v2\/types\/post"}],"author":[{"embeddable":true,"href":"https:\/\/domaine-escarvaillac.fr\/en\/wp-json\/wp\/v2\/users\/1"}],"replies":[{"embeddable":true,"href":"https:\/\/domaine-escarvaillac.fr\/en\/wp-json\/wp\/v2\/comments?post=334"}],"version-history":[{"count":2,"href":"https:\/\/domaine-escarvaillac.fr\/en\/wp-json\/wp\/v2\/posts\/334\/revisions"}],"predecessor-version":[{"id":342,"href":"https:\/\/domaine-escarvaillac.fr\/en\/wp-json\/wp\/v2\/posts\/334\/revisions\/342"}],"wp:featuredmedia":[{"embeddable":true,"href":"https:\/\/domaine-escarvaillac.fr\/en\/wp-json\/wp\/v2\/media\/338"}],"wp:attachment":[{"href":"https:\/\/domaine-escarvaillac.fr\/en\/wp-json\/wp\/v2\/media?parent=334"}],"wp:term":[{"taxonomy":"category","embeddable":true,"href":"https:\/\/domaine-escarvaillac.fr\/en\/wp-json\/wp\/v2\/categories?post=334"},{"taxonomy":"post_tag","embeddable":true,"href":"https:\/\/domaine-escarvaillac.fr\/en\/wp-json\/wp\/v2\/tags?post=334"}],"curies":[{"name":"wp","href":"https:\/\/api.w.org\/{rel}","templated":true}]}}