{"id":343,"date":"2024-06-10T18:33:30","date_gmt":"2024-06-10T16:33:30","guid":{"rendered":"https:\/\/domaine-escarvaillac.fr\/?p=343"},"modified":"2024-06-10T18:33:30","modified_gmt":"2024-06-10T16:33:30","slug":"une-ptite-soiree-extra-muros","status":"publish","type":"post","link":"https:\/\/domaine-escarvaillac.fr\/en\/2024\/06\/10\/une-ptite-soiree-extra-muros\/","title":{"rendered":"Une p&rsquo;tite soir\u00e9e extra muros ?"},"content":{"rendered":"<p>[et_pb_section fb_built=\u00a0\u00bb1&Prime; _builder_version=\u00a0\u00bb4.24.0&Prime; _module_preset=\u00a0\u00bbdefault\u00a0\u00bb custom_padding=\u00a0\u00bb3px|||||\u00a0\u00bb global_colors_info=\u00a0\u00bb{}\u00a0\u00bb theme_builder_area=\u00a0\u00bbpost_content\u00a0\u00bb][et_pb_row column_structure=\u00a0\u00bb1_2,1_2&Prime; _builder_version=\u00a0\u00bb4.24.0&Prime; _module_preset=\u00a0\u00bbdefault\u00a0\u00bb custom_padding=\u00a0\u00bb||3px|||\u00a0\u00bb global_colors_info=\u00a0\u00bb{}\u00a0\u00bb theme_builder_area=\u00a0\u00bbpost_content\u00a0\u00bb][et_pb_column type=\u00a0\u00bb1_2&Prime; _builder_version=\u00a0\u00bb4.24.0&Prime; _module_preset=\u00a0\u00bbdefault\u00a0\u00bb global_colors_info=\u00a0\u00bb{}\u00a0\u00bb theme_builder_area=\u00a0\u00bbpost_content\u00a0\u00bb][et_pb_text _builder_version=\u00a0\u00bb4.25.0&Prime; _module_preset=\u00a0\u00bbdefault\u00a0\u00bb custom_padding=\u00a0\u00bb55px|||||\u00a0\u00bb global_colors_info=\u00a0\u00bb{}\u00a0\u00bb theme_builder_area=\u00a0\u00bbpost_content\u00a0\u00bb]<\/p>\n<p style=\"text-align: justify;\"><span>ESCARVAILLAC JUILLET 2024<\/span><\/p>\n<p style=\"text-align: justify;\"><span><\/span><\/p>\n<div style=\"text-align: justify;\">\n<div><span>On avait un peu la t\u00eate dans les cuves depuis le d\u00e9but de la conversion bio (2018-2022) mais cet \u00e9t\u00e9 l&rsquo;\u00e9quipe d&rsquo;Escarvaillac relance l&rsquo;association culturelle \u00ab\u00a0Peiro Vivo\u00a0\u00bb, \u00e9troitement li\u00e9e \u00e0 la reprise du domaine par Christophe (qui y accueillait il y a une douzaine d&rsquo;ann\u00e9e des spectacles du Off) alors on vous donne quelques dates \u00ab\u00a0arty\u00a0\u00bb sympathiques au mois de juillet, \u00e0 faire tourner!<\/span><\/div>\n<\/div>\n<div style=\"text-align: justify;\">\n<div><span>\u00a0<\/span><\/div>\n<\/div>\n<div style=\"text-align: justify;\">\n<div><span>Si vous nous connaissez, vous savez que chez nous un \u00e9v\u00e9nement artistique est toujours aussi un moment de rencontre et d&rsquo;\u00e9change, de f\u00eate, d&rsquo;humour et de r\u00eave. Et si vous ne nous connaissez pas, prenez le risque! Ce n&rsquo;est pas tous les jours qu&rsquo;on peut embarquer sa bande dans une aventure extra muros en plein Festival!<\/span><\/div>\n<\/div>\n<p>[\/et_pb_text][\/et_pb_column][et_pb_column type=\u00a0\u00bb1_2&Prime; _builder_version=\u00a0\u00bb4.24.0&Prime; _module_preset=\u00a0\u00bbdefault\u00a0\u00bb global_colors_info=\u00a0\u00bb{}\u00a0\u00bb theme_builder_area=\u00a0\u00bbpost_content\u00a0\u00bb][et_pb_image src=\u00a0\u00bbhttps:\/\/domaine-escarvaillac.fr\/wp-content\/uploads\/2024\/06\/soiree-escarvaillac.jpg\u00a0\u00bb title_text=\u00a0\u00bb-{soiree-escarvaillac}\u00a0\u00bb _builder_version=\u00a0\u00bb4.25.0&Prime; _module_preset=\u00a0\u00bbdefault\u00a0\u00bb hover_enabled=\u00a0\u00bb0&Prime; box_shadow_style=\u00a0\u00bbpreset2&Prime; global_colors_info=\u00a0\u00bb{}\u00a0\u00bb theme_builder_area=\u00a0\u00bbpost_content\u00a0\u00bb sticky_enabled=\u00a0\u00bb0&Prime;][\/et_pb_image][\/et_pb_column][\/et_pb_row][et_pb_row _builder_version=\u00a0\u00bb4.25.0&Prime; _module_preset=\u00a0\u00bbdefault\u00a0\u00bb column_structure=\u00a0\u00bb1_3,2_3&Prime; theme_builder_area=\u00a0\u00bbpost_content\u00a0\u00bb custom_padding=\u00a0\u00bb||69px|||\u00a0\u00bb][et_pb_column _builder_version=\u00a0\u00bb4.25.0&Prime; _module_preset=\u00a0\u00bbdefault\u00a0\u00bb type=\u00a0\u00bb1_3&Prime; theme_builder_area=\u00a0\u00bbpost_content\u00a0\u00bb][et_pb_image src=\u00a0\u00bbhttps:\/\/domaine-escarvaillac.fr\/wp-content\/uploads\/2024\/06\/soiree-escarvaillac_1.jpg\u00a0\u00bb title_text=\u00a0\u00bb-{soiree-escarvaillac}_1&Prime; _builder_version=\u00a0\u00bb4.25.0&Prime; _module_preset=\u00a0\u00bbdefault\u00a0\u00bb hover_enabled=\u00a0\u00bb0&Prime; box_shadow_style=\u00a0\u00bbpreset2&Prime; global_colors_info=\u00a0\u00bb{}\u00a0\u00bb theme_builder_area=\u00a0\u00bbpost_content\u00a0\u00bb sticky_enabled=\u00a0\u00bb0&Prime;][\/et_pb_image][\/et_pb_column][et_pb_column _builder_version=\u00a0\u00bb4.25.0&Prime; _module_preset=\u00a0\u00bbdefault\u00a0\u00bb type=\u00a0\u00bb2_3&Prime; theme_builder_area=\u00a0\u00bbpost_content\u00a0\u00bb][et_pb_text _builder_version=\u00a0\u00bb4.25.0&Prime; _module_preset=\u00a0\u00bbdefault\u00a0\u00bb hover_enabled=\u00a0\u00bb0&Prime; global_colors_info=\u00a0\u00bb{}\u00a0\u00bb theme_builder_area=\u00a0\u00bbpost_content\u00a0\u00bb sticky_enabled=\u00a0\u00bb0&Prime; custom_padding=\u00a0\u00bb58px|||||\u00a0\u00bb]<\/p>\n<p style=\"text-align: justify;\"><span style=\"color: #000000;\"><strong>10 juillet VERNISSAGE<\/strong><\/span><\/p>\n<ul>\n<li style=\"text-align: justify;\">18 h Vernissage de l&rsquo;exposition d&rsquo;art brut de Jean-Christophe Philippi<\/li>\n<\/ul>\n<p style=\"text-align: justify;\">(10 juillet-10 novembre)<\/p>\n<p style=\"text-align: justify;\">Concert jazz manouche avec le groupe \u00ab\u00a0A La Mouche\u00a0\u00bb et d\u00e9gustation-buvette sous la pin\u00e8de!<\/p>\n<p style=\"text-align: justify;\">(C&rsquo;est gratuit mais il y aura un stand pour celles et ceux qui veulent le catalogue de l&rsquo;expo ou\/et des produits du domaine, dont quelques bouteilles de derri\u00e8re les fagots!)<\/p>\n<p>[\/et_pb_text][\/et_pb_column][\/et_pb_row][et_pb_row _builder_version=\u00a0\u00bb4.25.0&Prime; _module_preset=\u00a0\u00bbdefault\u00a0\u00bb column_structure=\u00a0\u00bb1_3,1_3,1_3&Prime; theme_builder_area=\u00a0\u00bbpost_content\u00a0\u00bb custom_padding=\u00a0\u00bb||93px|||\u00a0\u00bb][et_pb_column _builder_version=\u00a0\u00bb4.25.0&Prime; _module_preset=\u00a0\u00bbdefault\u00a0\u00bb type=\u00a0\u00bb1_3&Prime; theme_builder_area=\u00a0\u00bbpost_content\u00a0\u00bb][et_pb_text _builder_version=\u00a0\u00bb4.25.0&Prime; _module_preset=\u00a0\u00bbdefault\u00a0\u00bb hover_enabled=\u00a0\u00bb0&Prime; global_colors_info=\u00a0\u00bb{}\u00a0\u00bb theme_builder_area=\u00a0\u00bbpost_content\u00a0\u00bb sticky_enabled=\u00a0\u00bb0&Prime;]<\/p>\n<p style=\"text-align: justify;\"><strong><span style=\"color: #000000;\">12 juillet EN SCENE<\/span><\/strong><\/p>\n<ul>\n<li>18h ouverture des portes puis soir\u00e9e th\u00e9\u00e2tre\u00a0 (prix libre et conscient \ud83d\ude09\u00a0<\/li>\n<li style=\"text-align: justify;\">19h Le Grand Soir, une aventure d&rsquo;Olga (spectacle de clown \u00e0 partir de 10 ans)<\/li>\n<li style=\"text-align: justify;\">21h Alcool, de la Compagnie Tungst\u00e8ne<\/li>\n<\/ul>\n<p>[\/et_pb_text][\/et_pb_column][et_pb_column _builder_version=\u00a0\u00bb4.25.0&Prime; _module_preset=\u00a0\u00bbdefault\u00a0\u00bb type=\u00a0\u00bb1_3&Prime; theme_builder_area=\u00a0\u00bbpost_content\u00a0\u00bb][et_pb_image src=\u00a0\u00bbhttps:\/\/domaine-escarvaillac.fr\/wp-content\/uploads\/2024\/06\/soiree-escarvaillac_2.jpg\u00a0\u00bb title_text=\u00a0\u00bb-{soiree-escarvaillac}_2&Prime; _builder_version=\u00a0\u00bb4.25.0&Prime; _module_preset=\u00a0\u00bbdefault\u00a0\u00bb hover_enabled=\u00a0\u00bb0&Prime; box_shadow_style=\u00a0\u00bbpreset2&Prime; global_colors_info=\u00a0\u00bb{}\u00a0\u00bb theme_builder_area=\u00a0\u00bbpost_content\u00a0\u00bb sticky_enabled=\u00a0\u00bb0&Prime;][\/et_pb_image][\/et_pb_column][et_pb_column _builder_version=\u00a0\u00bb4.25.0&Prime; _module_preset=\u00a0\u00bbdefault\u00a0\u00bb type=\u00a0\u00bb1_3&Prime; theme_builder_area=\u00a0\u00bbpost_content\u00a0\u00bb][et_pb_image src=\u00a0\u00bbhttps:\/\/domaine-escarvaillac.fr\/wp-content\/uploads\/2024\/06\/soiree-escarvaillac_3.jpg\u00a0\u00bb title_text=\u00a0\u00bbaffiche5.indd\u00a0\u00bb _builder_version=\u00a0\u00bb4.25.0&Prime; _module_preset=\u00a0\u00bbdefault\u00a0\u00bb hover_enabled=\u00a0\u00bb0&Prime; box_shadow_style=\u00a0\u00bbpreset2&Prime; global_colors_info=\u00a0\u00bb{}\u00a0\u00bb theme_builder_area=\u00a0\u00bbpost_content\u00a0\u00bb sticky_enabled=\u00a0\u00bb0&Prime; custom_padding=\u00a0\u00bb|68px||||\u00a0\u00bb][\/et_pb_image][\/et_pb_column][\/et_pb_row][et_pb_row _builder_version=\u00a0\u00bb4.25.0&Prime; _module_preset=\u00a0\u00bbdefault\u00a0\u00bb custom_padding=\u00a0\u00bb4px|||||\u00a0\u00bb global_colors_info=\u00a0\u00bb{}\u00a0\u00bb column_structure=\u00a0\u00bb1_3,2_3&Prime; theme_builder_area=\u00a0\u00bbpost_content\u00a0\u00bb][et_pb_column type=\u00a0\u00bb1_3&Prime; _builder_version=\u00a0\u00bb4.25.0&Prime; _module_preset=\u00a0\u00bbdefault\u00a0\u00bb global_colors_info=\u00a0\u00bb{}\u00a0\u00bb theme_builder_area=\u00a0\u00bbpost_content\u00a0\u00bb][et_pb_image src=\u00a0\u00bbhttps:\/\/domaine-escarvaillac.fr\/wp-content\/uploads\/2024\/06\/soiree-escarvaillac_4.jpg\u00a0\u00bb title_text=\u00a0\u00bb-{soiree-escarvaillac}_4&Prime; _builder_version=\u00a0\u00bb4.25.0&Prime; _module_preset=\u00a0\u00bbdefault\u00a0\u00bb hover_enabled=\u00a0\u00bb0&Prime; box_shadow_style=\u00a0\u00bbpreset2&Prime; global_colors_info=\u00a0\u00bb{}\u00a0\u00bb theme_builder_area=\u00a0\u00bbpost_content\u00a0\u00bb sticky_enabled=\u00a0\u00bb0&Prime;][\/et_pb_image][\/et_pb_column][et_pb_column type=\u00a0\u00bb2_3&Prime; _builder_version=\u00a0\u00bb4.25.0&Prime; _module_preset=\u00a0\u00bbdefault\u00a0\u00bb global_colors_info=\u00a0\u00bb{}\u00a0\u00bb theme_builder_area=\u00a0\u00bbpost_content\u00a0\u00bb][et_pb_text _builder_version=\u00a0\u00bb4.25.0&Prime; _module_preset=\u00a0\u00bbdefault\u00a0\u00bb hover_enabled=\u00a0\u00bb0&Prime; global_colors_info=\u00a0\u00bb{}\u00a0\u00bb theme_builder_area=\u00a0\u00bbpost_content\u00a0\u00bb sticky_enabled=\u00a0\u00bb0&Prime;]<\/p>\n<p><span style=\"color: #000000;\"><strong>16 juillet BAL<\/strong><\/span><\/p>\n<ul>\n<li>18h00 ouverture des portes<br \/>visite libre de l&rsquo;exposition de Jean Christophe Philippi<br \/>d\u00e9gustation des vins du domaine<\/li>\n<li>19h30-20h30<br \/>Concert RondarTe (Chansons Ib\u00e9riques)<\/li>\n<li>20h30 repas partag\u00e9<\/li>\n<li>21h00 D\u00e9but du Bal Folk<br \/>1\u00e8re partie: SurLaBouche<br \/>2\u00e8me partie : ElisaSolo + invit\u00e9s&#8230; et apr\u00e8s place au b\u0153uf!<br \/>(10\u20ac adh\u00e9rents Peiro Vivo ou Bal des Pas Amoureux, 12\u20ac non-adh\u00e9rents)<\/li>\n<\/ul>\n<p>[\/et_pb_text][\/et_pb_column][\/et_pb_row][et_pb_row _builder_version=\u00a0\u00bb4.24.0&Prime; _module_preset=\u00a0\u00bbdefault\u00a0\u00bb global_colors_info=\u00a0\u00bb{}\u00a0\u00bb theme_builder_area=\u00a0\u00bbpost_content\u00a0\u00bb][et_pb_column type=\u00a0\u00bb4_4&Prime; _builder_version=\u00a0\u00bb4.24.0&Prime; _module_preset=\u00a0\u00bbdefault\u00a0\u00bb global_colors_info=\u00a0\u00bb{}\u00a0\u00bb theme_builder_area=\u00a0\u00bbpost_content\u00a0\u00bb][et_pb_post_nav in_same_term=\u00a0\u00bbon\u00a0\u00bb _builder_version=\u00a0\u00bb4.24.0&Prime; _module_preset=\u00a0\u00bbdefault\u00a0\u00bb global_colors_info=\u00a0\u00bb{}\u00a0\u00bb theme_builder_area=\u00a0\u00bbpost_content\u00a0\u00bb][\/et_pb_post_nav][\/et_pb_column][\/et_pb_row][\/et_pb_section]<\/p>","protected":false},"excerpt":{"rendered":"<p>ESCARVAILLAC JUILLET 2024 On avait un peu la t\u00eate dans les cuves depuis le d\u00e9but de la conversion bio (2018-2022) mais cet \u00e9t\u00e9 l&rsquo;\u00e9quipe d&rsquo;Escarvaillac relance l&rsquo;association culturelle \u00ab\u00a0Peiro Vivo\u00a0\u00bb, [&hellip;]<\/p>","protected":false},"author":1,"featured_media":347,"comment_status":"closed","ping_status":"closed","sticky":false,"template":"","format":"standard","meta":{"_et_pb_use_builder":"on","_et_pb_old_content":"","_et_gb_content_width":"1080","_price":"","_stock":"","_tribe_ticket_header":"","_tribe_default_ticket_provider":"","_tribe_ticket_capacity":"0","_ticket_start_date":"","_ticket_end_date":"","_tribe_ticket_show_description":"","_tribe_ticket_show_not_going":false,"_tribe_ticket_use_global_stock":"","_tribe_ticket_global_stock_level":"","_global_stock_mode":"","_global_stock_cap":"","_tribe_rsvp_for_event":"","_tribe_ticket_going_count":"","_tribe_ticket_not_going_count":"","_tribe_tickets_list":"[]","_tribe_ticket_has_attendee_info_fields":false,"footnotes":""},"categories":[9],"tags":[],"class_list":["post-343","post","type-post","status-publish","format-standard","has-post-thumbnail","hentry","category-actualites"],"_links":{"self":[{"href":"https:\/\/domaine-escarvaillac.fr\/en\/wp-json\/wp\/v2\/posts\/343","targetHints":{"allow":["GET"]}}],"collection":[{"href":"https:\/\/domaine-escarvaillac.fr\/en\/wp-json\/wp\/v2\/posts"}],"about":[{"href":"https:\/\/domaine-escarvaillac.fr\/en\/wp-json\/wp\/v2\/types\/post"}],"author":[{"embeddable":true,"href":"https:\/\/domaine-escarvaillac.fr\/en\/wp-json\/wp\/v2\/users\/1"}],"replies":[{"embeddable":true,"href":"https:\/\/domaine-escarvaillac.fr\/en\/wp-json\/wp\/v2\/comments?post=343"}],"version-history":[{"count":2,"href":"https:\/\/domaine-escarvaillac.fr\/en\/wp-json\/wp\/v2\/posts\/343\/revisions"}],"predecessor-version":[{"id":351,"href":"https:\/\/domaine-escarvaillac.fr\/en\/wp-json\/wp\/v2\/posts\/343\/revisions\/351"}],"wp:featuredmedia":[{"embeddable":true,"href":"https:\/\/domaine-escarvaillac.fr\/en\/wp-json\/wp\/v2\/media\/347"}],"wp:attachment":[{"href":"https:\/\/domaine-escarvaillac.fr\/en\/wp-json\/wp\/v2\/media?parent=343"}],"wp:term":[{"taxonomy":"category","embeddable":true,"href":"https:\/\/domaine-escarvaillac.fr\/en\/wp-json\/wp\/v2\/categories?post=343"},{"taxonomy":"post_tag","embeddable":true,"href":"https:\/\/domaine-escarvaillac.fr\/en\/wp-json\/wp\/v2\/tags?post=343"}],"curies":[{"name":"wp","href":"https:\/\/api.w.org\/{rel}","templated":true}]}}